{"id":318,"date":"2019-10-17T09:56:31","date_gmt":"2019-10-17T07:56:31","guid":{"rendered":"http:\/\/zoccer-blog.de\/?p=318"},"modified":"2019-10-17T09:56:31","modified_gmt":"2019-10-17T07:56:31","slug":"saisonstart-2019-20","status":"publish","type":"post","link":"https:\/\/zoccer-blog.de\/?p=318","title":{"rendered":"Saisonstart 2019\/20"},"content":{"rendered":"<p>Der Saisonstart in der <span style=\"color: #008000;\">Serie A<\/span> ist nunmehr (mit etwas Versp\u00e4tung) terminiert. Der erste Zat ist f\u00fcr<span style=\"color: #ff0000;\"><strong> Samstag den 26.11. (24 Uhr) <\/strong><\/span> festgesetzt. Gesetzt werden kann ab sofort!<!--more--><\/p>\n<p>Die beiden verbliebenen Abstiegsmanager Martin del Doll (Lazio Rom) und telekommander (Inter Mailand) sind mit sofortiger Wirkung Trainer von AC Mailand und Juventus Turin.<\/p>\n<p>Ein neues <a href=\"http:\/\/zoccer.de\/italien1\/trainingslager.htm\" target=\"_blank\" rel=\"noopener noreferrer\"><strong> Trainingslager<\/strong><\/a> ist ebenfalls geschaltet. Und die Teilnahme ist wieder einmal sehr lohnenswert! Ihr k\u00f6nnt hierbei bis zu 5 Bonustore f\u00fcr die Saison erzielen!<\/p>\n<p>Treue- und Titelbonus gibt es wie folgt. Die Verteilung der Bonustore k\u00f6nnt Ihr \u00fcber das Setzenformular (Liga) abgeben!<\/p>\n<p><img loading=\"lazy\" decoding=\"async\" class=\"alignnone size-full wp-image-319\" src=\"https:\/\/zoccer-blog.de\/wp-content\/uploads\/2019\/10\/bandicam-2019-10-17-09-40-57-730.jpg\" alt=\"\" width=\"662\" height=\"346\" srcset=\"https:\/\/zoccer-blog.de\/wp-content\/uploads\/2019\/10\/bandicam-2019-10-17-09-40-57-730.jpg 662w, https:\/\/zoccer-blog.de\/wp-content\/uploads\/2019\/10\/bandicam-2019-10-17-09-40-57-730-300x157.jpg 300w\" sizes=\"auto, (max-width: 709px) 85vw, (max-width: 909px) 67vw, (max-width: 984px) 61vw, (max-width: 1362px) 45vw, 600px\" \/><\/p>\n<p>Ansonsten m\u00f6chte ich um Nachsicht f\u00fcr den versp\u00e4teten Saisonstart bitten und auch das noch nicht alle Statistikseiten (Manager, Titel usw.) auf dem neusten Stand sind. Ich habe einen neuen PC (mit neuem Windows) und muss die alten Programme dort erst einmal alle wieder zum laufen bekommen \ud83d\ude09<\/p>\n<p>&#8230;und nun sage ich wie immer an dieser Stelle&#8230;<\/p>\n<p>&#8222;Lasst die Spiele beginnen&#8230;.&#8220; \ud83d\ude0e<\/p>\n","protected":false},"excerpt":{"rendered":"<p>Der Saisonstart in der Serie A ist nunmehr (mit etwas Versp\u00e4tung) terminiert. Der erste Zat ist f\u00fcr Samstag den 26.11. (24 Uhr) festgesetzt. Gesetzt werden kann ab sofort!<\/p>\n","protected":false},"author":1,"featured_media":0,"comment_status":"open","ping_status":"open","sticky":false,"template":"","format":"standard","meta":{"footnotes":""},"categories":[1],"tags":[],"class_list":["post-318","post","type-post","status-publish","format-standard","hentry","category-uncategorized"],"_links":{"self":[{"href":"https:\/\/zoccer-blog.de\/index.php?rest_route=\/wp\/v2\/posts\/318","targetHints":{"allow":["GET"]}}],"collection":[{"href":"https:\/\/zoccer-blog.de\/index.php?rest_route=\/wp\/v2\/posts"}],"about":[{"href":"https:\/\/zoccer-blog.de\/index.php?rest_route=\/wp\/v2\/types\/post"}],"author":[{"embeddable":true,"href":"https:\/\/zoccer-blog.de\/index.php?rest_route=\/wp\/v2\/users\/1"}],"replies":[{"embeddable":true,"href":"https:\/\/zoccer-blog.de\/index.php?rest_route=%2Fwp%2Fv2%2Fcomments&post=318"}],"version-history":[{"count":1,"href":"https:\/\/zoccer-blog.de\/index.php?rest_route=\/wp\/v2\/posts\/318\/revisions"}],"predecessor-version":[{"id":320,"href":"https:\/\/zoccer-blog.de\/index.php?rest_route=\/wp\/v2\/posts\/318\/revisions\/320"}],"wp:attachment":[{"href":"https:\/\/zoccer-blog.de\/index.php?rest_route=%2Fwp%2Fv2%2Fmedia&parent=318"}],"wp:term":[{"taxonomy":"category","embeddable":true,"href":"https:\/\/zoccer-blog.de\/index.php?rest_route=%2Fwp%2Fv2%2Fcategories&post=318"},{"taxonomy":"post_tag","embeddable":true,"href":"https:\/\/zoccer-blog.de\/index.php?rest_route=%2Fwp%2Fv2%2Ftags&post=318"}],"curies":[{"name":"wp","href":"https:\/\/api.w.org\/{rel}","templated":true}]}}